{"id":42549,"date":"2023-03-03T23:02:48","date_gmt":"2023-03-03T22:02:48","guid":{"rendered":"https:\/\/domaine-du-paradis.ch\/?p=42549"},"modified":"2023-03-03T23:02:48","modified_gmt":"2023-03-03T22:02:48","slug":"30-ans-de-titeuf-youhou","status":"publish","type":"post","link":"https:\/\/domaine-du-paradis.ch\/en\/30-ans-de-titeuf-youhou\/","title":{"rendered":"30 ans de Titeuf, youhou!"},"content":{"rendered":"\t\t<div class=\"page-section page-section-text_image odd\" data-name=\"page-section-text_image odd\">\n\t\t\t<div class=\"page-section-inner\">\n\t\t\t\t\n<div class=\"page-section-text section-left\">\n\t\n\t\t\t<div class=\"page-section-body\"><h2>Ma madeleine&#8230;<\/h2>\n<p>Vraiment pas besoin d&#8217;\u00eatre n\u00e9 dans les ann\u00e9es 80 pour conna\u00eetre le petit bonhomme. Mais si, comme J\u00e9r\u00e9mie par exemple, vous avez \u00e9t\u00e9 enfant dans les ann\u00e9es 90, Titeuf c&#8217;est un peu la madeleine de Proust. 30 ans en 2023, et pour toujours les \u00e9motions d&#8217;enfants des premi\u00e8res lectures, les fous-rires seul dans son lit le soir avec une BD, les &#8220;zizis sexuels&#8221; et l&#8217;appareil dentaire de Jean-Claude&#8230;<\/p>\n<h2>Comment les routes se croisent<\/h2>\n<p><span style=\"font-size: 16px;\">Est-ce qu&#8217;on a crois\u00e9 la route de Titeuf? Pas totalement.. On a surtout crois\u00e9 celle de Zep, son papa, et pour vous la faire en tr\u00e8s raccourci \u00e7a a termin\u00e9 en plantant une parcelle de vigne chez lui (en pleine Ville de Gen\u00e8ve) !<\/span><\/p>\n<p>En 2013, on plante 7&#8217;777 Zep&#8217;s de vigne (on aime beaucoup les jeux de mots) chez lui histoire d&#8217;en faire deux vins magnifiques. Un assemblage blanc de Marsanne et Roussane, et un assemblage rouge de Cabernet-franc et Galotta, qui passent tous deux un certain temps en barriques avant de finir en bouteilles. Du coup Titeuf et nous \u00e7a a donn\u00e9 de nouvelles belles histoires, qui sont cette fois sorties des bandes dessin\u00e9es.<\/p>\n<\/div>\n\t\n\t<\/div>\n\n\t<figure class=\"page-section-image section-right\">\n\t\t<img width=\"1240\" height=\"1256\" src=\"https:\/\/domaine-du-paradis.ch\/wp-content\/uploads\/2023\/03\/zep_l_agenda_titeuf_huberty_breyne_45656-1240x1256.jpeg\" class=\"attachment-content-width size-content-width\" alt=\"\" data-object-fit=\"cover\" srcset=\"https:\/\/domaine-du-paradis.ch\/wp-content\/uploads\/2023\/03\/zep_l_agenda_titeuf_huberty_breyne_45656-1240x1256.jpeg 1240w, https:\/\/domaine-du-paradis.ch\/wp-content\/uploads\/2023\/03\/zep_l_agenda_titeuf_huberty_breyne_45656-296x300.jpeg 296w, https:\/\/domaine-du-paradis.ch\/wp-content\/uploads\/2023\/03\/zep_l_agenda_titeuf_huberty_breyne_45656-1011x1024.jpeg 1011w, https:\/\/domaine-du-paradis.ch\/wp-content\/uploads\/2023\/03\/zep_l_agenda_titeuf_huberty_breyne_45656-768x778.jpeg 768w, https:\/\/domaine-du-paradis.ch\/wp-content\/uploads\/2023\/03\/zep_l_agenda_titeuf_huberty_breyne_45656-800x810.jpeg 800w, https:\/\/domaine-du-paradis.ch\/wp-content\/uploads\/2023\/03\/zep_l_agenda_titeuf_huberty_breyne_45656-691x700.jpeg 691w, https:\/\/domaine-du-paradis.ch\/wp-content\/uploads\/2023\/03\/zep_l_agenda_titeuf_huberty_breyne_45656-140x142.jpeg 140w, https:\/\/domaine-du-paradis.ch\/wp-content\/uploads\/2023\/03\/zep_l_agenda_titeuf_huberty_breyne_45656-100x100.jpeg 100w, https:\/\/domaine-du-paradis.ch\/wp-content\/uploads\/2023\/03\/zep_l_agenda_titeuf_huberty_breyne_45656-300x304.jpeg 300w, https:\/\/domaine-du-paradis.ch\/wp-content\/uploads\/2023\/03\/zep_l_agenda_titeuf_huberty_breyne_45656.jpeg 1243w\" sizes=\"(max-width: 1240px) 100vw, 1240px\" \/>\n\t\t\t<\/figure>\n\t\t\t<\/div>\n\t\t<\/div>\n\t\t\t<div class=\"page-section page-section-text_image even\" data-name=\"page-section-text_image even\">\n\t\t\t<div class=\"page-section-inner\">\n\t\t\t\t\n<div class=\"page-section-text section-left\">\n\t\t\t\t\t\t<h2 class=\"page-section-title\">Depuis 2015<\/h2>\n\t\t\n\t\t\t\t\t<h3 class=\"page-section-subheading\">Un nouvel univers chaque ann\u00e9e<\/h3>\n\t\t\t\n\t\t\t<div class=\"page-section-body\"><p>Titeuf a \u00e9t\u00e9 pr\u00e9sent au d\u00e9but, et puis on s&#8217;est tous dit qu&#8217;il valait mieux le laisser en-dehors de \u00e7a. Chaque ann\u00e9e on sort un nouvel univers, gr\u00e2ce \u00e0 Philippe (Zep pour les intimes) qui nous griffe une magnifique \u00e9tiquette pour chacune des deux cuv\u00e9es.<\/p>\n<p>On en a fait un coffret, qui contient 2 Ch\u00e2telaines Rouges et 1 Ch\u00e2telaine Blanche ainsi que le petit livret qui va bien pour vous expliquer comment on a cr\u00e9\u00e9 cette histoire un peu fofolle ensemble.<\/p>\n<\/div>\n\t\n\t\t\t<a href=\"https:\/\/domaine-du-paradis.ch\/produit\/la-chatelaine-rouge\/\" class=\"link page-section-btn\">Acheter<\/a>\n\t<\/div>\n\n\t<figure class=\"page-section-image section-right\">\n\t\t<img width=\"1240\" height=\"454\" src=\"https:\/\/domaine-du-paradis.ch\/wp-content\/uploads\/2023\/03\/Recap-Chatelaines-1240x454.jpg\" class=\"attachment-content-width size-content-width\" alt=\"Titeuf et Ch\u00e2telaine de Gen\u00e8ve\" data-object-fit=\"cover\" srcset=\"https:\/\/domaine-du-paradis.ch\/wp-content\/uploads\/2023\/03\/Recap-Chatelaines-1240x454.jpg 1240w, https:\/\/domaine-du-paradis.ch\/wp-content\/uploads\/2023\/03\/Recap-Chatelaines-300x110.jpg 300w, https:\/\/domaine-du-paradis.ch\/wp-content\/uploads\/2023\/03\/Recap-Chatelaines-1024x375.jpg 1024w, https:\/\/domaine-du-paradis.ch\/wp-content\/uploads\/2023\/03\/Recap-Chatelaines-768x281.jpg 768w, https:\/\/domaine-du-paradis.ch\/wp-content\/uploads\/2023\/03\/Recap-Chatelaines-1536x562.jpg 1536w, https:\/\/domaine-du-paradis.ch\/wp-content\/uploads\/2023\/03\/Recap-Chatelaines-2048x750.jpg 2048w, https:\/\/domaine-du-paradis.ch\/wp-content\/uploads\/2023\/03\/Recap-Chatelaines-800x293.jpg 800w, https:\/\/domaine-du-paradis.ch\/wp-content\/uploads\/2023\/03\/Recap-Chatelaines-1100x403.jpg 1100w, https:\/\/domaine-du-paradis.ch\/wp-content\/uploads\/2023\/03\/Recap-Chatelaines-140x51.jpg 140w, https:\/\/domaine-du-paradis.ch\/wp-content\/uploads\/2023\/03\/Recap-Chatelaines-100x37.jpg 100w\" sizes=\"(max-width: 1240px) 100vw, 1240px\" \/>\n\t\t\t<\/figure>\n\t\t\t<\/div>\n\t\t<\/div>\n\t\t\t<div class=\"page-section page-section-text_image odd\" data-name=\"page-section-text_image odd\">\n\t\t\t<div class=\"page-section-inner\">\n\t\t\t\t\n<div class=\"page-section-text section-left\">\n\t\t\t\t\t\t<h2 class=\"page-section-title\">Offre sp\u00e9ciale<\/h2>\n\t\t\n\t\t\t\t\t<h3 class=\"page-section-subheading\">30 ans, \u00e7a se f\u00eate !<\/h3>\n\t\t\t\n\t\t\t<div class=\"page-section-body\"><p>Durant tout le mois de mars, on t&#8217;offre une bouteille de Ch\u00e2telaine Rouge pour chaque coffret achet\u00e9! Franchement, est-ce que \u00e7a ne vaut pas le coup ?!<\/p>\n<p>&nbsp;<\/p>\n<p>En attendant de r\u00e9pondre \u00e0 cette question, sachez que la Ville de Carouge a organis\u00e9 toute une s\u00e9rie de festivit\u00e9s du 1er mars au 3 avril. Vous pouvez retrouver Titeuf un peu partout, notamment chez nous \u00e0 la boutique de la Rue du March\u00e9 10, mais surtout en projections sur les b\u00e2timents Carougeois ainsi que toute une ribambelle d&#8217;activit\u00e9s bien marrantes.<\/p>\n<\/div>\n\t\n\t\t\t<a href=\"https:\/\/domaine-du-paradis.ch\/produit\/coffret-chatelaine-de-geneve\/\" class=\"link page-section-btn\">Profiter<\/a>\n\t<\/div>\n\n\t<figure class=\"page-section-image section-right\">\n\t\t<img width=\"1200\" height=\"800\" src=\"https:\/\/domaine-du-paradis.ch\/wp-content\/uploads\/2022\/02\/Coffret-Chatelaine-3.jpg\" class=\"attachment-content-width size-content-width\" alt=\"\" data-object-fit=\"cover\" srcset=\"https:\/\/domaine-du-paradis.ch\/wp-content\/uploads\/2022\/02\/Coffret-Chatelaine-3.jpg 1200w, https:\/\/domaine-du-paradis.ch\/wp-content\/uploads\/2022\/02\/Coffret-Chatelaine-3-300x200.jpg 300w, https:\/\/domaine-du-paradis.ch\/wp-content\/uploads\/2022\/02\/Coffret-Chatelaine-3-1024x683.jpg 1024w, https:\/\/domaine-du-paradis.ch\/wp-content\/uploads\/2022\/02\/Coffret-Chatelaine-3-768x512.jpg 768w\" sizes=\"(max-width: 1200px) 100vw, 1200px\" \/>\n\t\t\t<\/figure>\n\t\t\t<\/div>\n\t\t<\/div>\n\t","protected":false},"excerpt":{"rendered":"<p>Ma madeleine&#8230; Vraiment pas besoin d&#8217;\u00eatre n\u00e9 dans les ann\u00e9es 80 pour conna\u00eetre le petit bonhomme. Mais si, comme J\u00e9r\u00e9mie par exemple, vous avez \u00e9t\u00e9 enfant dans les ann\u00e9es 90, Titeuf c&#8217;est un peu la madeleine de Proust. 30 ans en 2023, et pour toujours les \u00e9motions d&#8217;enfants des premi\u00e8res lectures, les fous-rires seul dans [&hellip;]<\/p>\n","protected":false},"author":1222,"featured_media":0,"comment_status":"closed","ping_status":"closed","sticky":false,"template":"","format":"standard","meta":{"_acf_changed":false,"footnotes":""},"categories":[86],"tags":[],"class_list":["post-42549","post","type-post","status-publish","format-standard","hentry","category-evenements"],"acf":[],"yoast_head":"<!-- This site is optimized with the Yoast SEO Premium plugin v27.3 (Yoast SEO v27.3) - https:\/\/yoast.com\/product\/yoast-seo-premium-wordpress\/ -->\n<title>30 ans de Titeuf, youhou! - Domaine du Paradis<\/title>\n<meta name=\"robots\" content=\"index, follow, max-snippet:-1, max-image-preview:large, max-video-preview:-1\" \/>\n<link rel=\"canonical\" href=\"https:\/\/domaine-du-paradis.ch\/en\/30-ans-de-titeuf-youhou\/\" \/>\n<meta property=\"og:locale\" content=\"en_US\" \/>\n<meta property=\"og:type\" content=\"article\" \/>\n<meta property=\"og:title\" content=\"30 ans de Titeuf, youhou!\" \/>\n<meta property=\"og:description\" content=\"Ma madeleine&#8230; Vraiment pas besoin d&#8217;\u00eatre n\u00e9 dans les ann\u00e9es 80 pour conna\u00eetre le petit bonhomme. Mais si, comme J\u00e9r\u00e9mie par exemple, vous avez \u00e9t\u00e9 enfant dans les ann\u00e9es 90, Titeuf c&#8217;est un peu la madeleine de Proust. 30 ans en 2023, et pour toujours les \u00e9motions d&#8217;enfants des premi\u00e8res lectures, les fous-rires seul dans [&hellip;]\" \/>\n<meta property=\"og:url\" content=\"https:\/\/domaine-du-paradis.ch\/en\/30-ans-de-titeuf-youhou\/\" \/>\n<meta property=\"og:site_name\" content=\"Domaine du Paradis\" \/>\n<meta property=\"article:published_time\" content=\"2023-03-03T22:02:48+00:00\" \/>\n<meta property=\"og:image\" content=\"https:\/\/domaine-du-paradis.ch\/wp-content\/uploads\/2023\/03\/817438-titeuf-une-exposition-vente-exceptionnelle-pour-les-30-ans-de-la-bd-culte.jpeg\" \/>\n\t<meta property=\"og:image:width\" content=\"865\" \/>\n\t<meta property=\"og:image:height\" content=\"493\" \/>\n\t<meta property=\"og:image:type\" content=\"image\/jpeg\" \/>\n<meta name=\"author\" content=\"J\u00e9r\u00e9mie Burgdorfer\" \/>\n<meta name=\"twitter:card\" content=\"summary_large_image\" \/>\n<meta name=\"twitter:label1\" content=\"Written by\" \/>\n\t<meta name=\"twitter:data1\" content=\"J\u00e9r\u00e9mie Burgdorfer\" \/>\n<script type=\"application\/ld+json\" class=\"yoast-schema-graph\">{\"@context\":\"https:\\\/\\\/schema.org\",\"@graph\":[{\"@type\":\"Article\",\"@id\":\"https:\\\/\\\/domaine-du-paradis.ch\\\/en\\\/30-ans-de-titeuf-youhou\\\/#article\",\"isPartOf\":{\"@id\":\"https:\\\/\\\/domaine-du-paradis.ch\\\/en\\\/30-ans-de-titeuf-youhou\\\/\"},\"author\":{\"name\":\"J\u00e9r\u00e9mie Burgdorfer\",\"@id\":\"https:\\\/\\\/domaine-du-paradis.ch\\\/en\\\/#\\\/schema\\\/person\\\/b0dfba83c0bf2cb98209dbad0978f188\"},\"headline\":\"30 ans de Titeuf, youhou!\",\"datePublished\":\"2023-03-03T22:02:48+00:00\",\"mainEntityOfPage\":{\"@id\":\"https:\\\/\\\/domaine-du-paradis.ch\\\/en\\\/30-ans-de-titeuf-youhou\\\/\"},\"wordCount\":4,\"publisher\":{\"@id\":\"https:\\\/\\\/domaine-du-paradis.ch\\\/en\\\/#organization\"},\"articleSection\":[\"Ev\u00e9nements\"],\"inLanguage\":\"en-US\"},{\"@type\":\"WebPage\",\"@id\":\"https:\\\/\\\/domaine-du-paradis.ch\\\/en\\\/30-ans-de-titeuf-youhou\\\/\",\"url\":\"https:\\\/\\\/domaine-du-paradis.ch\\\/en\\\/30-ans-de-titeuf-youhou\\\/\",\"name\":\"30 ans de Titeuf, youhou! - Domaine du Paradis\",\"isPartOf\":{\"@id\":\"https:\\\/\\\/domaine-du-paradis.ch\\\/en\\\/#website\"},\"datePublished\":\"2023-03-03T22:02:48+00:00\",\"breadcrumb\":{\"@id\":\"https:\\\/\\\/domaine-du-paradis.ch\\\/en\\\/30-ans-de-titeuf-youhou\\\/#breadcrumb\"},\"inLanguage\":\"en-US\",\"potentialAction\":[{\"@type\":\"ReadAction\",\"target\":[\"https:\\\/\\\/domaine-du-paradis.ch\\\/en\\\/30-ans-de-titeuf-youhou\\\/\"]}]},{\"@type\":\"BreadcrumbList\",\"@id\":\"https:\\\/\\\/domaine-du-paradis.ch\\\/en\\\/30-ans-de-titeuf-youhou\\\/#breadcrumb\",\"itemListElement\":[{\"@type\":\"ListItem\",\"position\":1,\"name\":\"Home\",\"item\":\"https:\\\/\\\/domaine-du-paradis.ch\\\/en\\\/\"},{\"@type\":\"ListItem\",\"position\":2,\"name\":\"30 ans de Titeuf, youhou!\"}]},{\"@type\":\"WebSite\",\"@id\":\"https:\\\/\\\/domaine-du-paradis.ch\\\/en\\\/#website\",\"url\":\"https:\\\/\\\/domaine-du-paradis.ch\\\/en\\\/\",\"name\":\"Domaine du Paradis\",\"description\":\"Faire vivre de belles histoires\",\"publisher\":{\"@id\":\"https:\\\/\\\/domaine-du-paradis.ch\\\/en\\\/#organization\"},\"alternateName\":\"Vins Suisses - Famille Burgdorfer\",\"potentialAction\":[{\"@type\":\"SearchAction\",\"target\":{\"@type\":\"EntryPoint\",\"urlTemplate\":\"https:\\\/\\\/domaine-du-paradis.ch\\\/en\\\/?s={search_term_string}\"},\"query-input\":{\"@type\":\"PropertyValueSpecification\",\"valueRequired\":true,\"valueName\":\"search_term_string\"}}],\"inLanguage\":\"en-US\"},{\"@type\":\"Organization\",\"@id\":\"https:\\\/\\\/domaine-du-paradis.ch\\\/en\\\/#organization\",\"name\":\"Domaine du Paradis\",\"url\":\"https:\\\/\\\/domaine-du-paradis.ch\\\/en\\\/\",\"logo\":{\"@type\":\"ImageObject\",\"inLanguage\":\"en-US\",\"@id\":\"https:\\\/\\\/domaine-du-paradis.ch\\\/en\\\/#\\\/schema\\\/logo\\\/image\\\/\",\"url\":\"https:\\\/\\\/domaine-du-paradis.ch\\\/wp-content\\\/uploads\\\/2022\\\/08\\\/logo-domaine-du-paradis-blanc.svg\",\"contentUrl\":\"https:\\\/\\\/domaine-du-paradis.ch\\\/wp-content\\\/uploads\\\/2022\\\/08\\\/logo-domaine-du-paradis-blanc.svg\",\"caption\":\"Domaine du Paradis\"},\"image\":{\"@id\":\"https:\\\/\\\/domaine-du-paradis.ch\\\/en\\\/#\\\/schema\\\/logo\\\/image\\\/\"}},{\"@type\":\"Person\",\"@id\":\"https:\\\/\\\/domaine-du-paradis.ch\\\/en\\\/#\\\/schema\\\/person\\\/b0dfba83c0bf2cb98209dbad0978f188\",\"name\":\"J\u00e9r\u00e9mie Burgdorfer\",\"image\":{\"@type\":\"ImageObject\",\"inLanguage\":\"en-US\",\"@id\":\"https:\\\/\\\/secure.gravatar.com\\\/avatar\\\/b28ea5dbcd96efe9c7ef82769e8a9e370ae368da8a62f6480d4ac8487e7b5b10?s=96&d=mm&r=g\",\"url\":\"https:\\\/\\\/secure.gravatar.com\\\/avatar\\\/b28ea5dbcd96efe9c7ef82769e8a9e370ae368da8a62f6480d4ac8487e7b5b10?s=96&d=mm&r=g\",\"contentUrl\":\"https:\\\/\\\/secure.gravatar.com\\\/avatar\\\/b28ea5dbcd96efe9c7ef82769e8a9e370ae368da8a62f6480d4ac8487e7b5b10?s=96&d=mm&r=g\",\"caption\":\"J\u00e9r\u00e9mie Burgdorfer\"},\"url\":\"https:\\\/\\\/domaine-du-paradis.ch\\\/en\\\/author\\\/jeremiedomaine-du-paradis-ch\\\/\"}]}<\/script>\n<!-- \/ Yoast SEO Premium plugin. -->","yoast_head_json":{"title":"30 ans de Titeuf, youhou! - Domaine du Paradis","robots":{"index":"index","follow":"follow","max-snippet":"max-snippet:-1","max-image-preview":"max-image-preview:large","max-video-preview":"max-video-preview:-1"},"canonical":"https:\/\/domaine-du-paradis.ch\/en\/30-ans-de-titeuf-youhou\/","og_locale":"en_US","og_type":"article","og_title":"30 ans de Titeuf, youhou!","og_description":"Ma madeleine&#8230; Vraiment pas besoin d&#8217;\u00eatre n\u00e9 dans les ann\u00e9es 80 pour conna\u00eetre le petit bonhomme. Mais si, comme J\u00e9r\u00e9mie par exemple, vous avez \u00e9t\u00e9 enfant dans les ann\u00e9es 90, Titeuf c&#8217;est un peu la madeleine de Proust. 30 ans en 2023, et pour toujours les \u00e9motions d&#8217;enfants des premi\u00e8res lectures, les fous-rires seul dans [&hellip;]","og_url":"https:\/\/domaine-du-paradis.ch\/en\/30-ans-de-titeuf-youhou\/","og_site_name":"Domaine du Paradis","article_published_time":"2023-03-03T22:02:48+00:00","og_image":[{"width":865,"height":493,"url":"https:\/\/domaine-du-paradis.ch\/wp-content\/uploads\/2023\/03\/817438-titeuf-une-exposition-vente-exceptionnelle-pour-les-30-ans-de-la-bd-culte.jpeg","type":"image\/jpeg"}],"author":"J\u00e9r\u00e9mie Burgdorfer","twitter_card":"summary_large_image","twitter_misc":{"Written by":"J\u00e9r\u00e9mie Burgdorfer"},"schema":{"@context":"https:\/\/schema.org","@graph":[{"@type":"Article","@id":"https:\/\/domaine-du-paradis.ch\/en\/30-ans-de-titeuf-youhou\/#article","isPartOf":{"@id":"https:\/\/domaine-du-paradis.ch\/en\/30-ans-de-titeuf-youhou\/"},"author":{"name":"J\u00e9r\u00e9mie Burgdorfer","@id":"https:\/\/domaine-du-paradis.ch\/en\/#\/schema\/person\/b0dfba83c0bf2cb98209dbad0978f188"},"headline":"30 ans de Titeuf, youhou!","datePublished":"2023-03-03T22:02:48+00:00","mainEntityOfPage":{"@id":"https:\/\/domaine-du-paradis.ch\/en\/30-ans-de-titeuf-youhou\/"},"wordCount":4,"publisher":{"@id":"https:\/\/domaine-du-paradis.ch\/en\/#organization"},"articleSection":["Ev\u00e9nements"],"inLanguage":"en-US"},{"@type":"WebPage","@id":"https:\/\/domaine-du-paradis.ch\/en\/30-ans-de-titeuf-youhou\/","url":"https:\/\/domaine-du-paradis.ch\/en\/30-ans-de-titeuf-youhou\/","name":"30 ans de Titeuf, youhou! - Domaine du Paradis","isPartOf":{"@id":"https:\/\/domaine-du-paradis.ch\/en\/#website"},"datePublished":"2023-03-03T22:02:48+00:00","breadcrumb":{"@id":"https:\/\/domaine-du-paradis.ch\/en\/30-ans-de-titeuf-youhou\/#breadcrumb"},"inLanguage":"en-US","potentialAction":[{"@type":"ReadAction","target":["https:\/\/domaine-du-paradis.ch\/en\/30-ans-de-titeuf-youhou\/"]}]},{"@type":"BreadcrumbList","@id":"https:\/\/domaine-du-paradis.ch\/en\/30-ans-de-titeuf-youhou\/#breadcrumb","itemListElement":[{"@type":"ListItem","position":1,"name":"Home","item":"https:\/\/domaine-du-paradis.ch\/en\/"},{"@type":"ListItem","position":2,"name":"30 ans de Titeuf, youhou!"}]},{"@type":"WebSite","@id":"https:\/\/domaine-du-paradis.ch\/en\/#website","url":"https:\/\/domaine-du-paradis.ch\/en\/","name":"Domaine du Paradis","description":"Faire vivre de belles histoires","publisher":{"@id":"https:\/\/domaine-du-paradis.ch\/en\/#organization"},"alternateName":"Vins Suisses - Famille Burgdorfer","potentialAction":[{"@type":"SearchAction","target":{"@type":"EntryPoint","urlTemplate":"https:\/\/domaine-du-paradis.ch\/en\/?s={search_term_string}"},"query-input":{"@type":"PropertyValueSpecification","valueRequired":true,"valueName":"search_term_string"}}],"inLanguage":"en-US"},{"@type":"Organization","@id":"https:\/\/domaine-du-paradis.ch\/en\/#organization","name":"Domaine du Paradis","url":"https:\/\/domaine-du-paradis.ch\/en\/","logo":{"@type":"ImageObject","inLanguage":"en-US","@id":"https:\/\/domaine-du-paradis.ch\/en\/#\/schema\/logo\/image\/","url":"https:\/\/domaine-du-paradis.ch\/wp-content\/uploads\/2022\/08\/logo-domaine-du-paradis-blanc.svg","contentUrl":"https:\/\/domaine-du-paradis.ch\/wp-content\/uploads\/2022\/08\/logo-domaine-du-paradis-blanc.svg","caption":"Domaine du Paradis"},"image":{"@id":"https:\/\/domaine-du-paradis.ch\/en\/#\/schema\/logo\/image\/"}},{"@type":"Person","@id":"https:\/\/domaine-du-paradis.ch\/en\/#\/schema\/person\/b0dfba83c0bf2cb98209dbad0978f188","name":"J\u00e9r\u00e9mie Burgdorfer","image":{"@type":"ImageObject","inLanguage":"en-US","@id":"https:\/\/secure.gravatar.com\/avatar\/b28ea5dbcd96efe9c7ef82769e8a9e370ae368da8a62f6480d4ac8487e7b5b10?s=96&d=mm&r=g","url":"https:\/\/secure.gravatar.com\/avatar\/b28ea5dbcd96efe9c7ef82769e8a9e370ae368da8a62f6480d4ac8487e7b5b10?s=96&d=mm&r=g","contentUrl":"https:\/\/secure.gravatar.com\/avatar\/b28ea5dbcd96efe9c7ef82769e8a9e370ae368da8a62f6480d4ac8487e7b5b10?s=96&d=mm&r=g","caption":"J\u00e9r\u00e9mie Burgdorfer"},"url":"https:\/\/domaine-du-paradis.ch\/en\/author\/jeremiedomaine-du-paradis-ch\/"}]}},"_links":{"self":[{"href":"https:\/\/domaine-du-paradis.ch\/en\/wp-json\/wp\/v2\/posts\/42549","targetHints":{"allow":["GET"]}}],"collection":[{"href":"https:\/\/domaine-du-paradis.ch\/en\/wp-json\/wp\/v2\/posts"}],"about":[{"href":"https:\/\/domaine-du-paradis.ch\/en\/wp-json\/wp\/v2\/types\/post"}],"author":[{"embeddable":true,"href":"https:\/\/domaine-du-paradis.ch\/en\/wp-json\/wp\/v2\/users\/1222"}],"replies":[{"embeddable":true,"href":"https:\/\/domaine-du-paradis.ch\/en\/wp-json\/wp\/v2\/comments?post=42549"}],"version-history":[{"count":21,"href":"https:\/\/domaine-du-paradis.ch\/en\/wp-json\/wp\/v2\/posts\/42549\/revisions"}],"predecessor-version":[{"id":42590,"href":"https:\/\/domaine-du-paradis.ch\/en\/wp-json\/wp\/v2\/posts\/42549\/revisions\/42590"}],"wp:attachment":[{"href":"https:\/\/domaine-du-paradis.ch\/en\/wp-json\/wp\/v2\/media?parent=42549"}],"wp:term":[{"taxonomy":"category","embeddable":true,"href":"https:\/\/domaine-du-paradis.ch\/en\/wp-json\/wp\/v2\/categories?post=42549"},{"taxonomy":"post_tag","embeddable":true,"href":"https:\/\/domaine-du-paradis.ch\/en\/wp-json\/wp\/v2\/tags?post=42549"}],"curies":[{"name":"wp","href":"https:\/\/api.w.org\/{rel}","templated":true}]}}